{"id":11779,"date":"2024-03-13T10:51:20","date_gmt":"2024-03-13T09:51:20","guid":{"rendered":"https:\/\/www.bbz-merzig.de\/wordpress-1\/?p=11779"},"modified":"2024-03-13T10:56:27","modified_gmt":"2024-03-13T09:56:27","slug":"struthof2024","status":"publish","type":"post","link":"https:\/\/www.bbz-merzig.de\/wordpress-1\/struthof2024\/","title":{"rendered":"Tagesfahrt zur Gedenkst\u00e4tte KZ Natzweiler-Struthof"},"content":{"rendered":"\t\t<div data-elementor-type=\"wp-post\" data-elementor-id=\"11779\" class=\"elementor elementor-11779\">\n\t\t\t\t\t\t<div class=\"elementor-inner\">\n\t\t\t\t<div class=\"elementor-section-wrap\">\n\t\t\t\t\t\t\t\t\t<section class=\"elementor-section elementor-top-section elementor-element elementor-element-db75270 elementor-section-boxed elementor-section-height-default elementor-section-height-default\" data-id=\"db75270\" data-element_type=\"section\">\n\t\t\t\t\t\t<div class=\"elementor-container elementor-column-gap-default\">\n\t\t\t\t\t\t\t<div class=\"elementor-row\">\n\t\t\t\t\t<div class=\"elementor-column elementor-col-100 elementor-top-column elementor-element elementor-element-235e66d\" data-id=\"235e66d\" data-element_type=\"column\">\n\t\t\t<div class=\"elementor-column-wrap elementor-element-populated\">\n\t\t\t\t\t\t\t<div class=\"elementor-widget-wrap\">\n\t\t\t\t\t\t<div class=\"elementor-element elementor-element-c3c8acf elementor-widget elementor-widget-image\" data-id=\"c3c8acf\" data-element_type=\"widget\" data-widget_type=\"image.default\">\n\t\t\t\t<div class=\"elementor-widget-container\">\n\t\t\t\t\t\t\t\t<div class=\"elementor-image\">\n\t\t\t\t\t\t\t\t\t\t\t\t<img decoding=\"async\" src=\"https:\/\/scontent-muc2-1.xx.fbcdn.net\/v\/t39.30808-6\/431174086_1318975782388532_8094688576181998553_n.jpg?_nc_cat=104&amp;ccb=1-7&amp;_nc_sid=5f2048&amp;_nc_ohc=mEHP8gcYTzkAX_5I_YZ&amp;_nc_ht=scontent-muc2-1.xx&amp;oh=00_AfBCEZuiqih3teS6U5CIaxslJQDTbxNgSTeJlwSV6HSahw&amp;oe=65F752BA\" title=\"\" alt=\"\" \/>\t\t\t\t\t\t\t\t\t\t\t\t\t\t<\/div>\n\t\t\t\t\t\t<\/div>\n\t\t\t\t<\/div>\n\t\t\t\t<div class=\"elementor-element elementor-element-332ebc6 elementor-widget elementor-widget-text-editor\" data-id=\"332ebc6\" data-element_type=\"widget\" data-widget_type=\"text-editor.default\">\n\t\t\t\t<div class=\"elementor-widget-container\">\n\t\t\t\t\t\t\t\t<div class=\"elementor-text-editor elementor-clearfix\">\n\t\t\t\t<div class=\"xdj266r x11i5rnm xat24cr x1mh8g0r x1vvkbs x126k92a\" style=\"margin: 0px; overflow-wrap: break-word; white-space-collapse: preserve; font-family: &quot;Segoe UI Historic&quot;, &quot;Segoe UI&quot;, Helvetica, Arial, sans-serif; color: rgb(5, 5, 5); font-size: 15px; background-color: rgb(255, 255, 255);\"><div dir=\"auto\" style=\"font-family: inherit;\">An der Fahrt nahmen insgesamt vier Berufsfachschulklassen teil. Diese setzten sich im Vorfeld mit dem zweiten Weltkrieg und dem Thema Nationalsozialismus im Rahmen des Deutschunterrichts zur Lekt\u00fcre &#8222;Die Welle&#8220; auseinander.<\/div><\/div><div class=\"x11i5rnm xat24cr x1mh8g0r x1vvkbs xtlvy1s x126k92a\" style=\"margin: 0.5em 0px 0px; overflow-wrap: break-word; white-space-collapse: preserve; font-family: &quot;Segoe UI Historic&quot;, &quot;Segoe UI&quot;, Helvetica, Arial, sans-serif; color: rgb(5, 5, 5); font-size: 15px; background-color: rgb(255, 255, 255);\"><div dir=\"auto\" style=\"font-family: inherit;\">Die Tagesfahrt zum Konzentrationslager Struthof war f\u00fcr unsere Sch\u00fcler:innen sowie f\u00fcr uns Lehrkr\u00e4fte eine bewegende und lehrreiche Erfahrung.<\/div><\/div>\t\t\t\t\t<\/div>\n\t\t\t\t\t\t<\/div>\n\t\t\t\t<\/div>\n\t\t\t\t\t\t<\/div>\n\t\t\t\t\t<\/div>\n\t\t<\/div>\n\t\t\t\t\t\t\t\t<\/div>\n\t\t\t\t\t<\/div>\n\t\t<\/section>\n\t\t\t\t\t\t\t\t\t<\/div>\n\t\t\t<\/div>\n\t\t\t\t\t<\/div>\n\t\t","protected":false},"excerpt":{"rendered":"<p>An der Fahrt nahmen insgesamt vier Berufsfachschulklassen teil. Diese setzten sich im Vorfeld mit dem zweiten Weltkrieg und dem Thema Nationalsozialismus im Rahmen des Deutschunterrichts zur Lekt\u00fcre &#8222;Die Welle&#8220; auseinander.Die Tagesfahrt zum Konzentrationslager Struthof war f\u00fcr unsere Sch\u00fcler:innen sowie f\u00fcr uns Lehrkr\u00e4fte eine bewegende und lehrreiche Erfahrung.<\/p>\n","protected":false},"author":3,"featured_media":11784,"comment_status":"closed","ping_status":"open","sticky":false,"template":"","format":"standard","meta":{"neve_meta_sidebar":"","neve_meta_container":"","neve_meta_enable_content_width":"","neve_meta_content_width":0,"neve_meta_title_alignment":"","neve_meta_author_avatar":"","neve_post_elements_order":"[\"title\",\"meta\",\"content\"]","neve_meta_disable_header":"","neve_meta_disable_footer":"","neve_meta_disable_title":""},"categories":[1],"tags":[],"_links":{"self":[{"href":"https:\/\/www.bbz-merzig.de\/wordpress-1\/wp-json\/wp\/v2\/posts\/11779"}],"collection":[{"href":"https:\/\/www.bbz-merzig.de\/wordpress-1\/wp-json\/wp\/v2\/posts"}],"about":[{"href":"https:\/\/www.bbz-merzig.de\/wordpress-1\/wp-json\/wp\/v2\/types\/post"}],"author":[{"embeddable":true,"href":"https:\/\/www.bbz-merzig.de\/wordpress-1\/wp-json\/wp\/v2\/users\/3"}],"replies":[{"embeddable":true,"href":"https:\/\/www.bbz-merzig.de\/wordpress-1\/wp-json\/wp\/v2\/comments?post=11779"}],"version-history":[{"count":4,"href":"https:\/\/www.bbz-merzig.de\/wordpress-1\/wp-json\/wp\/v2\/posts\/11779\/revisions"}],"predecessor-version":[{"id":11785,"href":"https:\/\/www.bbz-merzig.de\/wordpress-1\/wp-json\/wp\/v2\/posts\/11779\/revisions\/11785"}],"wp:featuredmedia":[{"embeddable":true,"href":"https:\/\/www.bbz-merzig.de\/wordpress-1\/wp-json\/wp\/v2\/media\/11784"}],"wp:attachment":[{"href":"https:\/\/www.bbz-merzig.de\/wordpress-1\/wp-json\/wp\/v2\/media?parent=11779"}],"wp:term":[{"taxonomy":"category","embeddable":true,"href":"https:\/\/www.bbz-merzig.de\/wordpress-1\/wp-json\/wp\/v2\/categories?post=11779"},{"taxonomy":"post_tag","embeddable":true,"href":"https:\/\/www.bbz-merzig.de\/wordpress-1\/wp-json\/wp\/v2\/tags?post=11779"}],"curies":[{"name":"wp","href":"https:\/\/api.w.org\/{rel}","templated":true}]}}