{"id":11978,"date":"2024-04-21T17:16:15","date_gmt":"2024-04-21T15:16:15","guid":{"rendered":"https:\/\/www.bbz-merzig.de\/wordpress-1\/?p=11978"},"modified":"2024-04-22T07:09:03","modified_gmt":"2024-04-22T05:09:03","slug":"adventscafespende2024","status":"publish","type":"post","link":"https:\/\/www.bbz-merzig.de\/wordpress-1\/adventscafespende2024\/","title":{"rendered":"<strong>JFBS spendet 1500 Euro f\u00fcr schwerstkranke Kinder in der Region<\/strong>"},"content":{"rendered":"<p><img decoding=\"async\" width=\"1024\" height=\"602\" src=\"https:\/\/www.bbz-merzig.de\/wordpress-1\/wp-content\/uploads\/20240409_101307-1-1024x602.jpg\" alt=\"\" loading=\"lazy\" srcset=\"https:\/\/www.bbz-merzig.de\/wordpress-1\/wp-content\/uploads\/20240409_101307-1-1024x602.jpg 1024w, https:\/\/www.bbz-merzig.de\/wordpress-1\/wp-content\/uploads\/20240409_101307-1-300x176.jpg 300w, https:\/\/www.bbz-merzig.de\/wordpress-1\/wp-content\/uploads\/20240409_101307-1-768x451.jpg 768w, https:\/\/www.bbz-merzig.de\/wordpress-1\/wp-content\/uploads\/20240409_101307-1-1536x903.jpg 1536w, https:\/\/www.bbz-merzig.de\/wordpress-1\/wp-content\/uploads\/20240409_101307-1-2048x1204.jpg 2048w\" sizes=\"(max-width: 1024px) 100vw, 1024px\"><\/p>\n<p>vorne (mit Scheck): Kathrin Druckenmueller, Ruth Dalstein, Ellen Schackmann, J\u00f6rg Hurth<\/p>\n<p>Seit 2016 organisiert ein Lehrerteam der Jean-Fran\u00e7ois-Boch-Schule das &#8222;Adventscaf\u00e9&#8220;, das nun bereits zum achten Mal Spenden an ausgew\u00e4hlte Organisationen oder Personen weitergibt. Dieses Jahr wurden zwei Vereine unterst\u00fctzt, die sich um schwerstkranke Kinder und deren Angeh\u00f6rige k\u00fcmmern. Sch\u00fcler:innen des Merziger Berufsbildungszentrums servieren w\u00e4hrend der Adventszeit vorweihnachtliche Leckereien und Getr\u00e4nke, gespendet von Unternehmen, Sch\u00fcler:innen und Lehrer:innen. Die gesamten Einnahmen flie\u00dfen in Spenden. Dieses Jahr konnten 1500 Euro gesammelt werden, je 750 Euro gingen an das Kinderhospiz- und Palliativteam Saar und die Elterninitiative Krebskranker Kinder im Saarland. Die Spenden\u00fcbergabe wurde von Ruth Dalstein und J\u00f6rg Hurth dankbar entgegengenommen, die auch die unterst\u00fctzenden Klassen (BFS-N10.1, FOS-W11.2, FSP11.2, VE10.1) lobten und ihre wichtige Arbeit vorstellten.<\/p>\n<p>Ein besonderer Dank geht an die B\u00e4ckerei Quinten in Hausbach, Rewe Perl und Rewe Brotdorf f\u00fcr ihre Unterst\u00fctzung<\/p>\n<p><img decoding=\"async\" width=\"462\" height=\"619\" src=\"https:\/\/www.bbz-merzig.de\/wordpress-1\/wp-content\/uploads\/Schecks.png\" alt=\"\" loading=\"lazy\" srcset=\"https:\/\/www.bbz-merzig.de\/wordpress-1\/wp-content\/uploads\/Schecks.png 462w, https:\/\/www.bbz-merzig.de\/wordpress-1\/wp-content\/uploads\/Schecks-224x300.png 224w\" sizes=\"(max-width: 462px) 100vw, 462px\"><br \/>\n<img decoding=\"async\" width=\"1024\" height=\"1024\" src=\"https:\/\/www.bbz-merzig.de\/wordpress-1\/wp-content\/uploads\/Leitziel4-1024x1024.jpg\" alt=\"\" loading=\"lazy\" srcset=\"https:\/\/www.bbz-merzig.de\/wordpress-1\/wp-content\/uploads\/Leitziel4-1024x1024.jpg 1024w, https:\/\/www.bbz-merzig.de\/wordpress-1\/wp-content\/uploads\/Leitziel4-300x300.jpg 300w, https:\/\/www.bbz-merzig.de\/wordpress-1\/wp-content\/uploads\/Leitziel4-150x150.jpg 150w, https:\/\/www.bbz-merzig.de\/wordpress-1\/wp-content\/uploads\/Leitziel4-768x768.jpg 768w, https:\/\/www.bbz-merzig.de\/wordpress-1\/wp-content\/uploads\/Leitziel4-1536x1536.jpg 1536w, https:\/\/www.bbz-merzig.de\/wordpress-1\/wp-content\/uploads\/Leitziel4-2048x2048.jpg 2048w\" sizes=\"(max-width: 1024px) 100vw, 1024px\"><\/p>\n","protected":false},"excerpt":{"rendered":"<p>vorne (mit Scheck): Kathrin Druckenmueller, Ruth Dalstein, Ellen Schackmann, J\u00f6rg Hurth Seit 2016 organisiert ein Lehrerteam der Jean-Fran\u00e7ois-Boch-Schule das &#8222;Adventscaf\u00e9&#8220;, das nun bereits zum achten Mal Spenden an ausgew\u00e4hlte Organisationen oder Personen weitergibt. Dieses Jahr wurden zwei Vereine unterst\u00fctzt, die sich um schwerstkranke Kinder und deren Angeh\u00f6rige k\u00fcmmern. Sch\u00fcler:innen des Merziger Berufsbildungszentrums servieren w\u00e4hrend der&hellip;&nbsp;<a href=\"https:\/\/www.bbz-merzig.de\/wordpress-1\/adventscafespende2024\/\" class=\"\" rel=\"bookmark\">Weiterlesen &raquo;<span class=\"screen-reader-text\"><strong>JFBS spendet 1500 Euro f\u00fcr schwerstkranke Kinder in der Region<\/strong><\/span><\/a><\/p>\n","protected":false},"author":3,"featured_media":11979,"comment_status":"closed","ping_status":"open","sticky":false,"template":"","format":"standard","meta":{"neve_meta_sidebar":"","neve_meta_container":"","neve_meta_enable_content_width":"","neve_meta_content_width":0,"neve_meta_title_alignment":"","neve_meta_author_avatar":"","neve_post_elements_order":"[\"title\",\"meta\",\"content\"]","neve_meta_disable_header":"","neve_meta_disable_footer":"","neve_meta_disable_title":""},"categories":[1],"tags":[],"_links":{"self":[{"href":"https:\/\/www.bbz-merzig.de\/wordpress-1\/wp-json\/wp\/v2\/posts\/11978"}],"collection":[{"href":"https:\/\/www.bbz-merzig.de\/wordpress-1\/wp-json\/wp\/v2\/posts"}],"about":[{"href":"https:\/\/www.bbz-merzig.de\/wordpress-1\/wp-json\/wp\/v2\/types\/post"}],"author":[{"embeddable":true,"href":"https:\/\/www.bbz-merzig.de\/wordpress-1\/wp-json\/wp\/v2\/users\/3"}],"replies":[{"embeddable":true,"href":"https:\/\/www.bbz-merzig.de\/wordpress-1\/wp-json\/wp\/v2\/comments?post=11978"}],"version-history":[{"count":8,"href":"https:\/\/www.bbz-merzig.de\/wordpress-1\/wp-json\/wp\/v2\/posts\/11978\/revisions"}],"predecessor-version":[{"id":11996,"href":"https:\/\/www.bbz-merzig.de\/wordpress-1\/wp-json\/wp\/v2\/posts\/11978\/revisions\/11996"}],"wp:featuredmedia":[{"embeddable":true,"href":"https:\/\/www.bbz-merzig.de\/wordpress-1\/wp-json\/wp\/v2\/media\/11979"}],"wp:attachment":[{"href":"https:\/\/www.bbz-merzig.de\/wordpress-1\/wp-json\/wp\/v2\/media?parent=11978"}],"wp:term":[{"taxonomy":"category","embeddable":true,"href":"https:\/\/www.bbz-merzig.de\/wordpress-1\/wp-json\/wp\/v2\/categories?post=11978"},{"taxonomy":"post_tag","embeddable":true,"href":"https:\/\/www.bbz-merzig.de\/wordpress-1\/wp-json\/wp\/v2\/tags?post=11978"}],"curies":[{"name":"wp","href":"https:\/\/api.w.org\/{rel}","templated":true}]}}