{"id":12130,"date":"2024-06-14T16:08:24","date_gmt":"2024-06-14T14:08:24","guid":{"rendered":"https:\/\/www.bbz-merzig.de\/wordpress-1\/?p=12130"},"modified":"2024-06-14T16:17:07","modified_gmt":"2024-06-14T14:17:07","slug":"paris","status":"publish","type":"post","link":"https:\/\/www.bbz-merzig.de\/wordpress-1\/paris\/","title":{"rendered":"Paris &#8211; unvergesslich!"},"content":{"rendered":"\t\t<div data-elementor-type=\"wp-post\" data-elementor-id=\"12130\" class=\"elementor elementor-12130\">\n\t\t\t\t\t\t<div class=\"elementor-inner\">\n\t\t\t\t<div class=\"elementor-section-wrap\">\n\t\t\t\t\t\t\t\t\t<section class=\"elementor-section elementor-top-section elementor-element elementor-element-db75270 elementor-section-boxed elementor-section-height-default elementor-section-height-default\" data-id=\"db75270\" data-element_type=\"section\">\n\t\t\t\t\t\t<div class=\"elementor-container elementor-column-gap-default\">\n\t\t\t\t\t\t\t<div class=\"elementor-row\">\n\t\t\t\t\t<div class=\"elementor-column elementor-col-100 elementor-top-column elementor-element elementor-element-235e66d\" data-id=\"235e66d\" data-element_type=\"column\">\n\t\t\t<div class=\"elementor-column-wrap elementor-element-populated\">\n\t\t\t\t\t\t\t<div class=\"elementor-widget-wrap\">\n\t\t\t\t\t\t<div class=\"elementor-element elementor-element-c3c8acf elementor-widget elementor-widget-image\" data-id=\"c3c8acf\" data-element_type=\"widget\" data-widget_type=\"image.default\">\n\t\t\t\t<div class=\"elementor-widget-container\">\n\t\t\t\t\t\t\t\t<div class=\"elementor-image\">\n\t\t\t\t\t\t\t\t\t\t\t\t<img decoding=\"async\" width=\"487\" height=\"301\" src=\"https:\/\/www.bbz-merzig.de\/wordpress-1\/wp-content\/uploads\/Screenshot-2024-06-14-160114-e1730876280463.png\" class=\"attachment-large size-large\" alt=\"\" loading=\"lazy\" srcset=\"https:\/\/www.bbz-merzig.de\/wordpress-1\/wp-content\/uploads\/Screenshot-2024-06-14-160114-e1730876280463.png 487w, https:\/\/www.bbz-merzig.de\/wordpress-1\/wp-content\/uploads\/Screenshot-2024-06-14-160114-e1730876280463-300x185.png 300w\" sizes=\"(max-width: 487px) 100vw, 487px\" \/>\t\t\t\t\t\t\t\t\t\t\t\t\t\t<\/div>\n\t\t\t\t\t\t<\/div>\n\t\t\t\t<\/div>\n\t\t\t\t<div class=\"elementor-element elementor-element-332ebc6 elementor-widget elementor-widget-text-editor\" data-id=\"332ebc6\" data-element_type=\"widget\" data-widget_type=\"text-editor.default\">\n\t\t\t\t<div class=\"elementor-widget-container\">\n\t\t\t\t\t\t\t\t<div class=\"elementor-text-editor elementor-clearfix\">\n\t\t\t\t<p>Auf nach Paris! das sagten sich die Franz\u00f6sisch-Sch\u00fclerinnen der Einf\u00fchrungsphase des Oberstufengymnasiums. Gemeinsam mit Heidrun M\u00fcgge und Lea Thewes erlebten Sie eine zweit\u00e4gige Klassenfahrt. Eiffel-Turm, die Kathedrale Notre-Dame, der Montmartre und weitere ber\u00fchmten Sehensw\u00fcrdigkeiten konnten hautnah erlebt werden. Trotz Problemen bei der An- und Abreise eine unvergessliche Erfahrung.<\/p>\t\t\t\t\t<\/div>\n\t\t\t\t\t\t<\/div>\n\t\t\t\t<\/div>\n\t\t\t\t\t\t<\/div>\n\t\t\t\t\t<\/div>\n\t\t<\/div>\n\t\t\t\t\t\t\t\t<\/div>\n\t\t\t\t\t<\/div>\n\t\t<\/section>\n\t\t\t\t<section class=\"elementor-section elementor-top-section elementor-element elementor-element-e4575a6 elementor-section-boxed elementor-section-height-default elementor-section-height-default\" data-id=\"e4575a6\" data-element_type=\"section\">\n\t\t\t\t\t\t<div class=\"elementor-container elementor-column-gap-default\">\n\t\t\t\t\t\t\t<div class=\"elementor-row\">\n\t\t\t\t\t<div class=\"elementor-column elementor-col-100 elementor-top-column elementor-element elementor-element-1d8bb4d\" data-id=\"1d8bb4d\" data-element_type=\"column\">\n\t\t\t<div class=\"elementor-column-wrap elementor-element-populated\">\n\t\t\t\t\t\t\t<div class=\"elementor-widget-wrap\">\n\t\t\t\t\t\t<div class=\"elementor-element elementor-element-5c65074 elementor-widget elementor-widget-image\" data-id=\"5c65074\" data-element_type=\"widget\" data-widget_type=\"image.default\">\n\t\t\t\t<div class=\"elementor-widget-container\">\n\t\t\t\t\t\t\t\t<div class=\"elementor-image\">\n\t\t\t\t\t\t\t\t\t\t\t\t<img decoding=\"async\" width=\"300\" height=\"300\" src=\"https:\/\/www.bbz-merzig.de\/wordpress-1\/wp-content\/uploads\/5_begeisternd-300x300.jpg\" class=\"attachment-medium size-medium\" alt=\"\" loading=\"lazy\" srcset=\"https:\/\/www.bbz-merzig.de\/wordpress-1\/wp-content\/uploads\/5_begeisternd-300x300.jpg 300w, https:\/\/www.bbz-merzig.de\/wordpress-1\/wp-content\/uploads\/5_begeisternd-150x150.jpg 150w, https:\/\/www.bbz-merzig.de\/wordpress-1\/wp-content\/uploads\/5_begeisternd.jpg 655w\" sizes=\"(max-width: 300px) 100vw, 300px\" \/>\t\t\t\t\t\t\t\t\t\t\t\t\t\t<\/div>\n\t\t\t\t\t\t<\/div>\n\t\t\t\t<\/div>\n\t\t\t\t\t\t<\/div>\n\t\t\t\t\t<\/div>\n\t\t<\/div>\n\t\t\t\t\t\t\t\t<\/div>\n\t\t\t\t\t<\/div>\n\t\t<\/section>\n\t\t\t\t\t\t\t\t\t<\/div>\n\t\t\t<\/div>\n\t\t\t\t\t<\/div>\n\t\t","protected":false},"excerpt":{"rendered":"<p>Auf nach Paris! das sagten sich die Franz\u00f6sisch-Sch\u00fclerinnen der Einf\u00fchrungsphase des Oberstufengymnasiums. Gemeinsam mit Heidrun M\u00fcgge und Lea Thewes erlebten Sie eine zweit\u00e4gige Klassenfahrt. Eiffel-Turm, die Kathedrale Notre-Dame, der Montmartre und weitere ber\u00fchmten Sehensw\u00fcrdigkeiten konnten hautnah erlebt werden. Trotz Problemen bei der An- und Abreise eine unvergessliche Erfahrung.<\/p>\n","protected":false},"author":3,"featured_media":12132,"comment_status":"closed","ping_status":"open","sticky":false,"template":"","format":"standard","meta":{"neve_meta_sidebar":"","neve_meta_container":"","neve_meta_enable_content_width":"","neve_meta_content_width":0,"neve_meta_title_alignment":"","neve_meta_author_avatar":"","neve_post_elements_order":"[\"title\",\"meta\",\"content\"]","neve_meta_disable_header":"","neve_meta_disable_footer":"","neve_meta_disable_title":""},"categories":[1],"tags":[],"_links":{"self":[{"href":"https:\/\/www.bbz-merzig.de\/wordpress-1\/wp-json\/wp\/v2\/posts\/12130"}],"collection":[{"href":"https:\/\/www.bbz-merzig.de\/wordpress-1\/wp-json\/wp\/v2\/posts"}],"about":[{"href":"https:\/\/www.bbz-merzig.de\/wordpress-1\/wp-json\/wp\/v2\/types\/post"}],"author":[{"embeddable":true,"href":"https:\/\/www.bbz-merzig.de\/wordpress-1\/wp-json\/wp\/v2\/users\/3"}],"replies":[{"embeddable":true,"href":"https:\/\/www.bbz-merzig.de\/wordpress-1\/wp-json\/wp\/v2\/comments?post=12130"}],"version-history":[{"count":5,"href":"https:\/\/www.bbz-merzig.de\/wordpress-1\/wp-json\/wp\/v2\/posts\/12130\/revisions"}],"predecessor-version":[{"id":12136,"href":"https:\/\/www.bbz-merzig.de\/wordpress-1\/wp-json\/wp\/v2\/posts\/12130\/revisions\/12136"}],"wp:featuredmedia":[{"embeddable":true,"href":"https:\/\/www.bbz-merzig.de\/wordpress-1\/wp-json\/wp\/v2\/media\/12132"}],"wp:attachment":[{"href":"https:\/\/www.bbz-merzig.de\/wordpress-1\/wp-json\/wp\/v2\/media?parent=12130"}],"wp:term":[{"taxonomy":"category","embeddable":true,"href":"https:\/\/www.bbz-merzig.de\/wordpress-1\/wp-json\/wp\/v2\/categories?post=12130"},{"taxonomy":"post_tag","embeddable":true,"href":"https:\/\/www.bbz-merzig.de\/wordpress-1\/wp-json\/wp\/v2\/tags?post=12130"}],"curies":[{"name":"wp","href":"https:\/\/api.w.org\/{rel}","templated":true}]}}