{"id":12166,"date":"2024-07-03T18:56:30","date_gmt":"2024-07-03T16:56:30","guid":{"rendered":"https:\/\/www.bbz-merzig.de\/wordpress-1\/?p=12166"},"modified":"2024-07-03T19:36:21","modified_gmt":"2024-07-03T17:36:21","slug":"ep-schulwettbewerb","status":"publish","type":"post","link":"https:\/\/www.bbz-merzig.de\/wordpress-1\/ep-schulwettbewerb\/","title":{"rendered":"Wahlpflichtfach Nachhaltigkeit der Erzieher:innen-Akademie wurde beim 11. Schulwettbewerb zur Entwicklungspolitik ausgezeichnet"},"content":{"rendered":"\t\t<div data-elementor-type=\"wp-post\" data-elementor-id=\"12166\" class=\"elementor elementor-12166\">\n\t\t\t\t\t\t<div class=\"elementor-inner\">\n\t\t\t\t<div class=\"elementor-section-wrap\">\n\t\t\t\t\t\t\t\t\t<section class=\"elementor-section elementor-top-section elementor-element elementor-element-db75270 elementor-section-boxed elementor-section-height-default elementor-section-height-default\" data-id=\"db75270\" data-element_type=\"section\">\n\t\t\t\t\t\t<div class=\"elementor-container elementor-column-gap-default\">\n\t\t\t\t\t\t\t<div class=\"elementor-row\">\n\t\t\t\t\t<div class=\"elementor-column elementor-col-100 elementor-top-column elementor-element elementor-element-235e66d\" data-id=\"235e66d\" data-element_type=\"column\">\n\t\t\t<div class=\"elementor-column-wrap elementor-element-populated\">\n\t\t\t\t\t\t\t<div class=\"elementor-widget-wrap\">\n\t\t\t\t\t\t<div class=\"elementor-element elementor-element-332ebc6 elementor-widget elementor-widget-text-editor\" data-id=\"332ebc6\" data-element_type=\"widget\" data-widget_type=\"text-editor.default\">\n\t\t\t\t<div class=\"elementor-widget-container\">\n\t\t\t\t\t\t\t\t<div class=\"elementor-text-editor elementor-clearfix\">\n\t\t\t\t<p>Foto: \u00a9 MBK<\/p>\t\t\t\t\t<\/div>\n\t\t\t\t\t\t<\/div>\n\t\t\t\t<\/div>\n\t\t\t\t\t\t<\/div>\n\t\t\t\t\t<\/div>\n\t\t<\/div>\n\t\t\t\t\t\t\t\t<\/div>\n\t\t\t\t\t<\/div>\n\t\t<\/section>\n\t\t\t\t<section class=\"elementor-section elementor-top-section elementor-element elementor-element-7bc6523 elementor-section-boxed elementor-section-height-default elementor-section-height-default\" data-id=\"7bc6523\" data-element_type=\"section\">\n\t\t\t\t\t\t<div class=\"elementor-container elementor-column-gap-default\">\n\t\t\t\t\t\t\t<div class=\"elementor-row\">\n\t\t\t\t\t<div class=\"elementor-column elementor-col-100 elementor-top-column elementor-element elementor-element-08fca48\" data-id=\"08fca48\" data-element_type=\"column\">\n\t\t\t<div class=\"elementor-column-wrap elementor-element-populated\">\n\t\t\t\t\t\t\t<div class=\"elementor-widget-wrap\">\n\t\t\t\t\t\t<div class=\"elementor-element elementor-element-c3c8acf elementor-widget elementor-widget-image\" data-id=\"c3c8acf\" data-element_type=\"widget\" data-widget_type=\"image.default\">\n\t\t\t\t<div class=\"elementor-widget-container\">\n\t\t\t\t\t\t\t\t<div class=\"elementor-image\">\n\t\t\t\t\t\t\t\t\t\t\t\t<img decoding=\"async\" width=\"1024\" height=\"683\" src=\"https:\/\/www.bbz-merzig.de\/wordpress-1\/wp-content\/uploads\/Eine-Welt-fuer-alle_BBZ-Merzig-1-1024x683.jpg\" class=\"attachment-large size-large\" alt=\"\" loading=\"lazy\" srcset=\"https:\/\/www.bbz-merzig.de\/wordpress-1\/wp-content\/uploads\/Eine-Welt-fuer-alle_BBZ-Merzig-1-1024x683.jpg 1024w, https:\/\/www.bbz-merzig.de\/wordpress-1\/wp-content\/uploads\/Eine-Welt-fuer-alle_BBZ-Merzig-1-300x200.jpg 300w, https:\/\/www.bbz-merzig.de\/wordpress-1\/wp-content\/uploads\/Eine-Welt-fuer-alle_BBZ-Merzig-1-768x512.jpg 768w, https:\/\/www.bbz-merzig.de\/wordpress-1\/wp-content\/uploads\/Eine-Welt-fuer-alle_BBZ-Merzig-1-1536x1024.jpg 1536w, https:\/\/www.bbz-merzig.de\/wordpress-1\/wp-content\/uploads\/Eine-Welt-fuer-alle_BBZ-Merzig-1-2048x1365.jpg 2048w, https:\/\/www.bbz-merzig.de\/wordpress-1\/wp-content\/uploads\/Eine-Welt-fuer-alle_BBZ-Merzig-1-930x620.jpg 930w\" sizes=\"(max-width: 1024px) 100vw, 1024px\" \/>\t\t\t\t\t\t\t\t\t\t\t\t\t\t<\/div>\n\t\t\t\t\t\t<\/div>\n\t\t\t\t<\/div>\n\t\t\t\t<div class=\"elementor-element elementor-element-674dda2 elementor-widget elementor-widget-text-editor\" data-id=\"674dda2\" data-element_type=\"widget\" data-widget_type=\"text-editor.default\">\n\t\t\t\t<div class=\"elementor-widget-container\">\n\t\t\t\t\t\t\t\t<div class=\"elementor-text-editor elementor-clearfix\">\n\t\t\t\t<span style=\"color: var( --e-global-color-text ); font-family: var( --e-global-typography-text-font-family ), Roboto; letter-spacing: 0px;\">25 Sch\u00fclerinnen und Sch\u00fcler haben unter Anleitung ihrer <\/span><span style=\"color: var( --e-global-color-text ); font-family: var( --e-global-typography-text-font-family ), Roboto; letter-spacing: 0px;\">Lehrkraft ihre Projektidee zur Gestaltung einer nachhaltigen und lebenswerten\u00a0<\/span><span style=\"color: var( --e-global-color-text ); font-family: var( --e-global-typography-text-font-family ), Roboto; letter-spacing: 0px;\">Zukunft beim elften Schulwettbewerb zur Entwicklungspolitik \u201ealle f\u00fcr EINE WELT\u00a0<\/span><span style=\"color: var( --e-global-color-text ); font-family: var( --e-global-typography-text-font-family ), Roboto; letter-spacing: 0px;\">f\u00fcr alle\u201c eingereicht. Erstmalig seit Bestehens des Wettbewerbs k\u00fcrten\u00a0<\/span><span style=\"color: var( --e-global-color-text ); font-family: var( --e-global-typography-text-font-family ), Roboto; letter-spacing: 0px;\">Vertreterinnen und Vertreter der 16 deutschen Bundesl\u00e4nder besonders gelungene\u00a0<\/span><span style=\"color: var( --e-global-color-text ); font-family: var( --e-global-typography-text-font-family ), Roboto; letter-spacing: 0px;\">Beitr\u00e4ge aus ihrer Region f\u00fcr Klassenstufen 1 bis 6, 7 bis 10 und 11 bis 13.<\/span>\n\nZus\u00e4tzlich vergab jedes Bundesland einen Engagementpreis f\u00fcr Lehrkr\u00e4fte, die sich im besonderen Ma\u00dfe f\u00fcr die Besch\u00e4ftigung mit globalen Themen im Unterricht\neingesetzt haben.<span style=\"color: var( --e-global-color-text ); font-family: var( --e-global-typography-text-font-family ), Roboto; letter-spacing: 0px;\">\u00a0<\/span>Und genau da konnte unser Wahlpflichtfach Nachhaltigkeit mit dem Beitrag \u201ePlastik &#8211; das gro\u00dfe Problem der Meere\u201c \u00fcberzeugen und sich einen der vierten Pl\u00e4tze in\nForm von 100 \u20ac sichern. Zudem wurde die Lehrkraft Frau Vanessa Donauer mit dem Sonderpreis in der Kategorie \u201eLehrkr\u00e4fteengagement\u201c ausgezeichnet, da sie sich\nin besonderem Ma\u00dfe f\u00fcr die Besch\u00e4ftigung mit globalen Themen im Unterricht eingesetzt. Hierbei hat das Wahlpflichtfach einen Preis in H\u00f6he von 200 \u20ac erhalten.\n\nDer entstandene Wettbewerbsbeitrag besch\u00e4ftigt sich mit dem gro\u00dfen Problem des\u00a0Plastiks, das in die Weltmeere gelangt und somit Gefahr f\u00fcr Mensch und Tier\u00a0darstellt. Zudem wurde ein Kinderbuch \u201eGeorg \u2013 Ein Ferkel auf dem Weg in die\u00a0Freiheit\u201c eingereicht, das im Rahmen der regionalen Auszeichnungsfeier im\u00a0Ministerium f\u00fcr Bildung und Kultur gro\u00dfes Interesse weckte. Beide Beitr\u00e4ge des\u00a0Wahlpflichtfachs haben den Schwerpunkt, Bildung f\u00fcr Nachhaltige Entwicklung\u00a0f\u00fcr Kinder greifbar zu machen und die M\u00f6glichkeit diese in der fr\u00fchkindlichen\u00a0Bildung einzusetzen.\n\nDiesen\u00a0Preis haben die Sch\u00fclerinnen und Sch\u00fcler des Wahlpflichtfaches Nachhaltigkeit\u00a0der Akademie f\u00fcr Erzieherinnen und Erzieher freudig im Ministerium f\u00fcr Bildung\u00a0und Kultur von der Ministerin Christine Streichert-Clivot \u00fcbergeben.\n\nHerzlichen\u00a0Gl\u00fcckwunsch f\u00fcr diesen Erfolg beim Engagement f\u00fcr eine nachhaltiger Welt!\t\t\t\t\t<\/div>\n\t\t\t\t\t\t<\/div>\n\t\t\t\t<\/div>\n\t\t\t\t\t\t<\/div>\n\t\t\t\t\t<\/div>\n\t\t<\/div>\n\t\t\t\t\t\t\t\t<\/div>\n\t\t\t\t\t<\/div>\n\t\t<\/section>\n\t\t\t\t<section class=\"elementor-section elementor-top-section elementor-element elementor-element-e4575a6 elementor-section-boxed elementor-section-height-default elementor-section-height-default\" data-id=\"e4575a6\" data-element_type=\"section\">\n\t\t\t\t\t\t<div class=\"elementor-container elementor-column-gap-default\">\n\t\t\t\t\t\t\t<div class=\"elementor-row\">\n\t\t\t\t\t<div class=\"elementor-column elementor-col-100 elementor-top-column elementor-element elementor-element-1d8bb4d\" data-id=\"1d8bb4d\" data-element_type=\"column\">\n\t\t\t<div class=\"elementor-column-wrap elementor-element-populated\">\n\t\t\t\t\t\t\t<div class=\"elementor-widget-wrap\">\n\t\t\t\t\t\t<div class=\"elementor-element elementor-element-5c65074 elementor-widget elementor-widget-image\" data-id=\"5c65074\" data-element_type=\"widget\" data-widget_type=\"image.default\">\n\t\t\t\t<div class=\"elementor-widget-container\">\n\t\t\t\t\t\t\t\t<div class=\"elementor-image\">\n\t\t\t\t\t\t\t\t\t\t\t\t<img decoding=\"async\" width=\"300\" height=\"300\" src=\"https:\/\/www.bbz-merzig.de\/wordpress-1\/wp-content\/uploads\/6_nachhaltig-300x300.jpg\" class=\"attachment-medium size-medium\" alt=\"\" loading=\"lazy\" srcset=\"https:\/\/www.bbz-merzig.de\/wordpress-1\/wp-content\/uploads\/6_nachhaltig-300x300.jpg 300w, https:\/\/www.bbz-merzig.de\/wordpress-1\/wp-content\/uploads\/6_nachhaltig-150x150.jpg 150w, https:\/\/www.bbz-merzig.de\/wordpress-1\/wp-content\/uploads\/6_nachhaltig.jpg 655w\" sizes=\"(max-width: 300px) 100vw, 300px\" \/>\t\t\t\t\t\t\t\t\t\t\t\t\t\t<\/div>\n\t\t\t\t\t\t<\/div>\n\t\t\t\t<\/div>\n\t\t\t\t\t\t<\/div>\n\t\t\t\t\t<\/div>\n\t\t<\/div>\n\t\t\t\t\t\t\t\t<\/div>\n\t\t\t\t\t<\/div>\n\t\t<\/section>\n\t\t\t\t\t\t\t\t\t<\/div>\n\t\t\t<\/div>\n\t\t\t\t\t<\/div>\n\t\t","protected":false},"excerpt":{"rendered":"<p>Foto: \u00a9 MBK 25 Sch\u00fclerinnen und Sch\u00fcler haben unter Anleitung ihrer Lehrkraft ihre Projektidee zur Gestaltung einer nachhaltigen und lebenswerten&nbsp;Zukunft beim elften Schulwettbewerb zur Entwicklungspolitik \u201ealle f\u00fcr EINE WELT&nbsp;f\u00fcr alle\u201c eingereicht. Erstmalig seit Bestehens des Wettbewerbs k\u00fcrten&nbsp;Vertreterinnen und Vertreter der 16 deutschen Bundesl\u00e4nder besonders gelungene&nbsp;Beitr\u00e4ge aus ihrer Region f\u00fcr Klassenstufen 1 bis 6, 7 bis&hellip;&nbsp;<a href=\"https:\/\/www.bbz-merzig.de\/wordpress-1\/ep-schulwettbewerb\/\" class=\"\" rel=\"bookmark\">Weiterlesen &raquo;<span class=\"screen-reader-text\">Wahlpflichtfach Nachhaltigkeit der Erzieher:innen-Akademie wurde beim 11. Schulwettbewerb zur Entwicklungspolitik ausgezeichnet<\/span><\/a><\/p>\n","protected":false},"author":3,"featured_media":12167,"comment_status":"closed","ping_status":"open","sticky":false,"template":"","format":"standard","meta":{"neve_meta_sidebar":"","neve_meta_container":"","neve_meta_enable_content_width":"","neve_meta_content_width":0,"neve_meta_title_alignment":"","neve_meta_author_avatar":"","neve_post_elements_order":"[\"title\",\"meta\",\"content\"]","neve_meta_disable_header":"","neve_meta_disable_footer":"","neve_meta_disable_title":""},"categories":[1],"tags":[],"_links":{"self":[{"href":"https:\/\/www.bbz-merzig.de\/wordpress-1\/wp-json\/wp\/v2\/posts\/12166"}],"collection":[{"href":"https:\/\/www.bbz-merzig.de\/wordpress-1\/wp-json\/wp\/v2\/posts"}],"about":[{"href":"https:\/\/www.bbz-merzig.de\/wordpress-1\/wp-json\/wp\/v2\/types\/post"}],"author":[{"embeddable":true,"href":"https:\/\/www.bbz-merzig.de\/wordpress-1\/wp-json\/wp\/v2\/users\/3"}],"replies":[{"embeddable":true,"href":"https:\/\/www.bbz-merzig.de\/wordpress-1\/wp-json\/wp\/v2\/comments?post=12166"}],"version-history":[{"count":15,"href":"https:\/\/www.bbz-merzig.de\/wordpress-1\/wp-json\/wp\/v2\/posts\/12166\/revisions"}],"predecessor-version":[{"id":12184,"href":"https:\/\/www.bbz-merzig.de\/wordpress-1\/wp-json\/wp\/v2\/posts\/12166\/revisions\/12184"}],"wp:featuredmedia":[{"embeddable":true,"href":"https:\/\/www.bbz-merzig.de\/wordpress-1\/wp-json\/wp\/v2\/media\/12167"}],"wp:attachment":[{"href":"https:\/\/www.bbz-merzig.de\/wordpress-1\/wp-json\/wp\/v2\/media?parent=12166"}],"wp:term":[{"taxonomy":"category","embeddable":true,"href":"https:\/\/www.bbz-merzig.de\/wordpress-1\/wp-json\/wp\/v2\/categories?post=12166"},{"taxonomy":"post_tag","embeddable":true,"href":"https:\/\/www.bbz-merzig.de\/wordpress-1\/wp-json\/wp\/v2\/tags?post=12166"}],"curies":[{"name":"wp","href":"https:\/\/api.w.org\/{rel}","templated":true}]}}