{"id":12936,"date":"2025-03-20T07:47:59","date_gmt":"2025-03-20T06:47:59","guid":{"rendered":"https:\/\/www.bbz-merzig.de\/wordpress-1\/?p=12936"},"modified":"2025-03-23T12:04:04","modified_gmt":"2025-03-23T11:04:04","slug":"ismma-friseurmesse-siegerinnen-bei-new-talents-wettbewerb","status":"publish","type":"post","link":"https:\/\/www.bbz-merzig.de\/wordpress-1\/ismma-friseurmesse-siegerinnen-bei-new-talents-wettbewerb\/","title":{"rendered":"ISMMA-Friseurmesse &#8211; Sieger:innen bei &#8222;New-Talents&#8220;-Wettbewerb"},"content":{"rendered":"\t\t<div data-elementor-type=\"wp-post\" data-elementor-id=\"12936\" class=\"elementor elementor-12936\">\n\t\t\t\t\t\t<div class=\"elementor-inner\">\n\t\t\t\t<div class=\"elementor-section-wrap\">\n\t\t\t\t\t\t\t\t\t<section class=\"elementor-section elementor-top-section elementor-element elementor-element-d41f7e4 elementor-section-boxed elementor-section-height-default elementor-section-height-default\" data-id=\"d41f7e4\" data-element_type=\"section\">\n\t\t\t\t\t\t<div class=\"elementor-container elementor-column-gap-default\">\n\t\t\t\t\t\t\t<div class=\"elementor-row\">\n\t\t\t\t\t<div class=\"elementor-column elementor-col-100 elementor-top-column elementor-element elementor-element-d1ff671\" data-id=\"d1ff671\" data-element_type=\"column\">\n\t\t\t<div class=\"elementor-column-wrap elementor-element-populated\">\n\t\t\t\t\t\t\t<div class=\"elementor-widget-wrap\">\n\t\t\t\t\t\t<div class=\"elementor-element elementor-element-729902e elementor-widget elementor-widget-text-editor\" data-id=\"729902e\" data-element_type=\"widget\" data-widget_type=\"text-editor.default\">\n\t\t\t\t<div class=\"elementor-widget-container\">\n\t\t\t\t\t\t\t\t<div class=\"elementor-text-editor elementor-clearfix\">\n\t\t\t\t<p>Am Sonntag, den 09. M\u00e4rz 2025, war es endlich soweit: Unsere talentierten Auszubildenden der Jean-Fran\u00e7ois-Boch-Schule traten voller Elan beim Wettbewerb \u201eNew-Talents\u201c auf der Friseur-Messe \u201eIsmma\u201c in Saarbr\u00fccken an. Im \u201eE-Werk\u201c zeigten unsere Sch\u00fcler:innen aus dem 1. und 3. Ausbildungsjahr ihr K\u00f6nnen in den Kategorien \u201eHerren-Styling\u201c, \u201eDamen-Styling\u201c, \u201eTages-Make-up\u201c und \u201eHochstecken\u201c.\u00a0<\/p><p>\u00a0<\/p><p>Das Ziel war klar: Die neuesten Frisurentrends zu interpretieren und sie tragbar f\u00fcr unsere Kund:innen zu gestalten. Und das Ergebnis kann sich sehen lassen! Wir sind unglaublich stolz auf die herausragenden Leistungen unserer Auszubildenden, die mit viel Leidenschaft und Hingabe angetreten sind.<\/p><p>\u00a0<\/p><p>Besonders gratulieren m\u00f6chten wir\u00a0<\/p><p>\u2022 Bahia Mohamed vom Salon \u201eCool-Hair by Kerstin\u201c:\u00a0 1. Platz im \u201eTages-Make-up\u201c<\/p><p>\u2022 Ashraf AL Youssef vom Salon \u201eHaarwelten\u201c: 2. Platz im \u201eHerren-Styling\u201c\u00a0<\/p><p>\u2022 Noemi Eliana Biondo vom Salon \u201eHaarmoden by Giovanna\u201c: 3. Platz \u201eTages-Make-up\u201c,\u00a0<\/p><p>\u2022 Lena Schuh vom Salon \u201eHaarliebe by Kathrin Holz\u201c: 4. Platz \u201eDamen-Styling\u201c\u00a0<\/p><p>\u2022 Katharina Loredana Tumpak vom Salon \u201eStyleboxx\u201c: 4. Platz \u201eHerren-Styling\u201c\u00a0<\/p><p>\u2022 Berne vom Salon \u201eHaarliebe by Kathrin Holz\u201c: 7. Platz \u201eDamen-Styling\u201c<\/p><p>\u00a0<\/p><p>Ein herzlicher Dank geht an unsere engagierten Ausbilder:innen, die unsere Auszubildenden w\u00e4hrend des Trainings unterst\u00fctzt haben. Ohne eure Hingabe und euer Fachwissen w\u00e4ren diese Erfolge nicht m\u00f6glich gewesen! Ein gro\u00dfes Dankesch\u00f6n auch an den Schulf\u00f6rderverein der Jean-Fran\u00e7ois-Boch-Schule, der die Teilnahme an diesem bedeutenden Event finanziell erm\u00f6glicht hat, sowie an die Innung, die die Ismma mit all ihren spannenden Wettbewerben und innovativen Vortr\u00e4gen im Hair-and-Beauty-Bereich organisiert hat.<\/p><p>\u00a0<\/p><p>Die Jean-Francois-Boch-Schule ist stolz darauf, eine Plattform f\u00fcr junge Talente zu bieten und sie auf ihrem Weg in die Friseurbranche zu unterst\u00fctzen. Wir freuen uns auf viele weitere Erfolge und darauf, die n\u00e4chste Generation von Friseur:innen auszubilden, die mit Kreativit\u00e4t und Leidenschaft die Haarmoden von morgen gestalten werden.\u00a0<\/p><p>\u00a0<\/p><p>Bleiben Sie dran und verfolgen Sie unsere n\u00e4chsten Schritte \u2013 denn bei uns gilt:\u201c The winner takes it all!\u201c\u00a0\u00a0<\/p><div>\u00a0<\/div>\t\t\t\t\t<\/div>\n\t\t\t\t\t\t<\/div>\n\t\t\t\t<\/div>\n\t\t\t\t\t\t<\/div>\n\t\t\t\t\t<\/div>\n\t\t<\/div>\n\t\t\t\t\t\t\t\t<\/div>\n\t\t\t\t\t<\/div>\n\t\t<\/section>\n\t\t\t\t<section class=\"elementor-section elementor-top-section elementor-element elementor-element-688b9c0 elementor-section-boxed elementor-section-height-default elementor-section-height-default\" data-id=\"688b9c0\" data-element_type=\"section\">\n\t\t\t\t\t\t<div class=\"elementor-container elementor-column-gap-default\">\n\t\t\t\t\t\t\t<div class=\"elementor-row\">\n\t\t\t\t\t<div class=\"elementor-column elementor-col-100 elementor-top-column elementor-element elementor-element-5b9f5e0\" data-id=\"5b9f5e0\" data-element_type=\"column\">\n\t\t\t<div class=\"elementor-column-wrap elementor-element-populated\">\n\t\t\t\t\t\t\t<div class=\"elementor-widget-wrap\">\n\t\t\t\t\t\t<div class=\"elementor-element elementor-element-7424288 elementor-arrows-position-inside elementor-pagination-position-outside elementor-widget elementor-widget-image-carousel\" data-id=\"7424288\" data-element_type=\"widget\" data-settings=\"{&quot;navigation&quot;:&quot;both&quot;,&quot;autoplay&quot;:&quot;yes&quot;,&quot;pause_on_hover&quot;:&quot;yes&quot;,&quot;pause_on_interaction&quot;:&quot;yes&quot;,&quot;autoplay_speed&quot;:5000,&quot;infinite&quot;:&quot;yes&quot;,&quot;speed&quot;:500}\" data-widget_type=\"image-carousel.default\">\n\t\t\t\t<div class=\"elementor-widget-container\">\n\t\t\t\t\t<div class=\"elementor-image-carousel-wrapper swiper-container\" dir=\"ltr\">\n\t\t\t<div class=\"elementor-image-carousel swiper-wrapper\">\n\t\t\t\t\t\t\t\t<div class=\"swiper-slide\"><figure class=\"swiper-slide-inner\"><img decoding=\"async\" class=\"swiper-slide-image\" src=\"https:\/\/www.bbz-merzig.de\/wordpress-1\/wp-content\/uploads\/PHOTO-2025-03-14-09-56-49-682x1024.jpeg\" alt=\"PHOTO-2025-03-14-09-56-49\" \/><\/figure><\/div><div class=\"swiper-slide\"><figure class=\"swiper-slide-inner\"><img decoding=\"async\" class=\"swiper-slide-image\" src=\"https:\/\/www.bbz-merzig.de\/wordpress-1\/wp-content\/uploads\/PHOTO-2025-03-14-09-56-50-9-822x1024.jpeg\" alt=\"PHOTO-2025-03-14-09-56-50 9\" \/><\/figure><\/div><div class=\"swiper-slide\"><figure class=\"swiper-slide-inner\"><img decoding=\"async\" class=\"swiper-slide-image\" src=\"https:\/\/www.bbz-merzig.de\/wordpress-1\/wp-content\/uploads\/PHOTO-2025-03-14-09-56-50-8-1024x861.jpeg\" alt=\"PHOTO-2025-03-14-09-56-50 8\" \/><\/figure><\/div><div class=\"swiper-slide\"><figure class=\"swiper-slide-inner\"><img decoding=\"async\" class=\"swiper-slide-image\" src=\"https:\/\/www.bbz-merzig.de\/wordpress-1\/wp-content\/uploads\/PHOTO-2025-03-14-09-56-50-7-768x1024.jpeg\" alt=\"PHOTO-2025-03-14-09-56-50 7\" \/><\/figure><\/div><div class=\"swiper-slide\"><figure class=\"swiper-slide-inner\"><img decoding=\"async\" class=\"swiper-slide-image\" src=\"https:\/\/www.bbz-merzig.de\/wordpress-1\/wp-content\/uploads\/PHOTO-2025-03-14-09-56-50-6-768x1024.jpeg\" alt=\"PHOTO-2025-03-14-09-56-50 6\" \/><\/figure><\/div><div class=\"swiper-slide\"><figure class=\"swiper-slide-inner\"><img decoding=\"async\" class=\"swiper-slide-image\" src=\"https:\/\/www.bbz-merzig.de\/wordpress-1\/wp-content\/uploads\/PHOTO-2025-03-14-09-56-50-5-768x1024.jpeg\" alt=\"PHOTO-2025-03-14-09-56-50 5\" \/><\/figure><\/div><div class=\"swiper-slide\"><figure class=\"swiper-slide-inner\"><img decoding=\"async\" class=\"swiper-slide-image\" src=\"https:\/\/www.bbz-merzig.de\/wordpress-1\/wp-content\/uploads\/PHOTO-2025-03-14-09-56-50-4-768x1024.jpeg\" alt=\"PHOTO-2025-03-14-09-56-50 4\" \/><\/figure><\/div><div class=\"swiper-slide\"><figure class=\"swiper-slide-inner\"><img decoding=\"async\" class=\"swiper-slide-image\" src=\"https:\/\/www.bbz-merzig.de\/wordpress-1\/wp-content\/uploads\/PHOTO-2025-03-14-09-56-50-3-643x1024.jpeg\" alt=\"PHOTO-2025-03-14-09-56-50 3\" \/><\/figure><\/div><div class=\"swiper-slide\"><figure class=\"swiper-slide-inner\"><img decoding=\"async\" class=\"swiper-slide-image\" src=\"https:\/\/www.bbz-merzig.de\/wordpress-1\/wp-content\/uploads\/PHOTO-2025-03-14-09-56-50-2-768x1024.jpeg\" alt=\"PHOTO-2025-03-14-09-56-50 2\" \/><\/figure><\/div><div class=\"swiper-slide\"><figure class=\"swiper-slide-inner\"><img decoding=\"async\" class=\"swiper-slide-image\" src=\"https:\/\/www.bbz-merzig.de\/wordpress-1\/wp-content\/uploads\/PHOTO-2025-03-14-09-56-50-10-1024x902.jpeg\" alt=\"PHOTO-2025-03-14-09-56-50 10\" \/><\/figure><\/div><div class=\"swiper-slide\"><figure class=\"swiper-slide-inner\"><img decoding=\"async\" class=\"swiper-slide-image\" src=\"https:\/\/www.bbz-merzig.de\/wordpress-1\/wp-content\/uploads\/PHOTO-2025-03-14-09-56-50-768x1024.jpeg\" alt=\"PHOTO-2025-03-14-09-56-50\" \/><\/figure><\/div><div class=\"swiper-slide\"><figure class=\"swiper-slide-inner\"><img decoding=\"async\" class=\"swiper-slide-image\" src=\"https:\/\/www.bbz-merzig.de\/wordpress-1\/wp-content\/uploads\/PHOTO-2025-03-14-09-56-51-2-768x1024.jpeg\" alt=\"PHOTO-2025-03-14-09-56-51 2\" \/><\/figure><\/div><div class=\"swiper-slide\"><figure class=\"swiper-slide-inner\"><img decoding=\"async\" class=\"swiper-slide-image\" src=\"https:\/\/www.bbz-merzig.de\/wordpress-1\/wp-content\/uploads\/PHOTO-2025-03-14-09-56-51-3-768x1024.jpeg\" alt=\"PHOTO-2025-03-14-09-56-51 3\" \/><\/figure><\/div><div class=\"swiper-slide\"><figure class=\"swiper-slide-inner\"><img decoding=\"async\" class=\"swiper-slide-image\" src=\"https:\/\/www.bbz-merzig.de\/wordpress-1\/wp-content\/uploads\/PHOTO-2025-03-14-09-56-51-4-768x1024.jpeg\" alt=\"PHOTO-2025-03-14-09-56-51 4\" \/><\/figure><\/div><div class=\"swiper-slide\"><figure class=\"swiper-slide-inner\"><img decoding=\"async\" class=\"swiper-slide-image\" src=\"https:\/\/www.bbz-merzig.de\/wordpress-1\/wp-content\/uploads\/PHOTO-2025-03-14-09-56-51-5-768x1024.jpeg\" alt=\"PHOTO-2025-03-14-09-56-51 5\" \/><\/figure><\/div><div class=\"swiper-slide\"><figure class=\"swiper-slide-inner\"><img decoding=\"async\" class=\"swiper-slide-image\" src=\"https:\/\/www.bbz-merzig.de\/wordpress-1\/wp-content\/uploads\/PHOTO-2025-03-14-09-56-51-6-768x1024.jpeg\" alt=\"PHOTO-2025-03-14-09-56-51 6\" \/><\/figure><\/div><div class=\"swiper-slide\"><figure class=\"swiper-slide-inner\"><img decoding=\"async\" class=\"swiper-slide-image\" src=\"https:\/\/www.bbz-merzig.de\/wordpress-1\/wp-content\/uploads\/PHOTO-2025-03-14-09-56-51-768x1024.jpeg\" alt=\"PHOTO-2025-03-14-09-56-51\" \/><\/figure><\/div>\t\t\t<\/div>\n\t\t\t\t\t\t\t\t\t\t\t\t<div class=\"swiper-pagination\"><\/div>\n\t\t\t\t\t\t\t\t\t\t\t\t\t<div class=\"elementor-swiper-button elementor-swiper-button-prev\">\n\t\t\t\t\t\t<i aria-hidden=\"true\" class=\"eicon-chevron-left\"><\/i>\t\t\t\t\t\t<span class=\"elementor-screen-only\">Zur\u00fcck<\/span>\n\t\t\t\t\t<\/div>\n\t\t\t\t\t<div class=\"elementor-swiper-button elementor-swiper-button-next\">\n\t\t\t\t\t\t<i aria-hidden=\"true\" class=\"eicon-chevron-right\"><\/i>\t\t\t\t\t\t<span class=\"elementor-screen-only\">Weiter<\/span>\n\t\t\t\t\t<\/div>\n\t\t\t\t\t\t\t\t\t<\/div>\n\t\t\t\t<\/div>\n\t\t\t\t<\/div>\n\t\t\t\t\t\t<\/div>\n\t\t\t\t\t<\/div>\n\t\t<\/div>\n\t\t\t\t\t\t\t\t<\/div>\n\t\t\t\t\t<\/div>\n\t\t<\/section>\n\t\t\t\t\t\t\t\t\t<\/div>\n\t\t\t<\/div>\n\t\t\t\t\t<\/div>\n\t\t","protected":false},"excerpt":{"rendered":"<p>Am Sonntag, den 09. M\u00e4rz 2025, war es endlich soweit: Unsere talentierten Auszubildenden der Jean-Fran\u00e7ois-Boch-Schule traten voller Elan beim Wettbewerb \u201eNew-Talents\u201c auf der Friseur-Messe \u201eIsmma\u201c in Saarbr\u00fccken an. Im \u201eE-Werk\u201c zeigten unsere Sch\u00fcler:innen aus dem 1. und 3. Ausbildungsjahr ihr K\u00f6nnen in den Kategorien \u201eHerren-Styling\u201c, \u201eDamen-Styling\u201c, \u201eTages-Make-up\u201c und \u201eHochstecken\u201c.&nbsp; Das Ziel war klar: Die neuesten&hellip;&nbsp;<a href=\"https:\/\/www.bbz-merzig.de\/wordpress-1\/ismma-friseurmesse-siegerinnen-bei-new-talents-wettbewerb\/\" class=\"\" rel=\"bookmark\">Weiterlesen &raquo;<span class=\"screen-reader-text\">ISMMA-Friseurmesse &#8211; Sieger:innen bei &#8222;New-Talents&#8220;-Wettbewerb<\/span><\/a><\/p>\n","protected":false},"author":7,"featured_media":12928,"comment_status":"closed","ping_status":"open","sticky":false,"template":"","format":"standard","meta":{"neve_meta_sidebar":"","neve_meta_container":"","neve_meta_enable_content_width":"","neve_meta_content_width":0,"neve_meta_title_alignment":"","neve_meta_author_avatar":"","neve_post_elements_order":"","neve_meta_disable_header":"","neve_meta_disable_footer":"","neve_meta_disable_title":""},"categories":[1],"tags":[],"_links":{"self":[{"href":"https:\/\/www.bbz-merzig.de\/wordpress-1\/wp-json\/wp\/v2\/posts\/12936"}],"collection":[{"href":"https:\/\/www.bbz-merzig.de\/wordpress-1\/wp-json\/wp\/v2\/posts"}],"about":[{"href":"https:\/\/www.bbz-merzig.de\/wordpress-1\/wp-json\/wp\/v2\/types\/post"}],"author":[{"embeddable":true,"href":"https:\/\/www.bbz-merzig.de\/wordpress-1\/wp-json\/wp\/v2\/users\/7"}],"replies":[{"embeddable":true,"href":"https:\/\/www.bbz-merzig.de\/wordpress-1\/wp-json\/wp\/v2\/comments?post=12936"}],"version-history":[{"count":8,"href":"https:\/\/www.bbz-merzig.de\/wordpress-1\/wp-json\/wp\/v2\/posts\/12936\/revisions"}],"predecessor-version":[{"id":12948,"href":"https:\/\/www.bbz-merzig.de\/wordpress-1\/wp-json\/wp\/v2\/posts\/12936\/revisions\/12948"}],"wp:featuredmedia":[{"embeddable":true,"href":"https:\/\/www.bbz-merzig.de\/wordpress-1\/wp-json\/wp\/v2\/media\/12928"}],"wp:attachment":[{"href":"https:\/\/www.bbz-merzig.de\/wordpress-1\/wp-json\/wp\/v2\/media?parent=12936"}],"wp:term":[{"taxonomy":"category","embeddable":true,"href":"https:\/\/www.bbz-merzig.de\/wordpress-1\/wp-json\/wp\/v2\/categories?post=12936"},{"taxonomy":"post_tag","embeddable":true,"href":"https:\/\/www.bbz-merzig.de\/wordpress-1\/wp-json\/wp\/v2\/tags?post=12936"}],"curies":[{"name":"wp","href":"https:\/\/api.w.org\/{rel}","templated":true}]}}