{"id":13924,"date":"2026-01-14T18:36:33","date_gmt":"2026-01-14T17:36:33","guid":{"rendered":"https:\/\/www.bbz-merzig.de\/wordpress-1\/?p=13924"},"modified":"2026-01-16T08:44:29","modified_gmt":"2026-01-16T07:44:29","slug":"besuch-aus-schweden-an-der-jean-francois-boch-schule","status":"publish","type":"post","link":"https:\/\/www.bbz-merzig.de\/wordpress-1\/besuch-aus-schweden-an-der-jean-francois-boch-schule\/","title":{"rendered":"Besuch aus Schweden an der Jean-Fran\u00e7ois-Boch Schule"},"content":{"rendered":"\t\t<div data-elementor-type=\"wp-post\" data-elementor-id=\"13924\" class=\"elementor elementor-13924\">\n\t\t\t\t\t\t<div class=\"elementor-inner\">\n\t\t\t\t<div class=\"elementor-section-wrap\">\n\t\t\t\t\t\t\t\t\t<section class=\"elementor-section elementor-top-section elementor-element elementor-element-48ebabe elementor-section-boxed elementor-section-height-default elementor-section-height-default\" data-id=\"48ebabe\" data-element_type=\"section\">\n\t\t\t\t\t\t<div class=\"elementor-container elementor-column-gap-default\">\n\t\t\t\t\t\t\t<div class=\"elementor-row\">\n\t\t\t\t\t<div class=\"elementor-column elementor-col-100 elementor-top-column elementor-element elementor-element-da5a7c9\" data-id=\"da5a7c9\" data-element_type=\"column\">\n\t\t\t<div class=\"elementor-column-wrap elementor-element-populated\">\n\t\t\t\t\t\t\t<div class=\"elementor-widget-wrap\">\n\t\t\t\t\t\t<div class=\"elementor-element elementor-element-4ab907b elementor-widget elementor-widget-image\" data-id=\"4ab907b\" data-element_type=\"widget\" data-widget_type=\"image.default\">\n\t\t\t\t<div class=\"elementor-widget-container\">\n\t\t\t\t\t\t\t\t<div class=\"elementor-image\">\n\t\t\t\t\t\t\t\t\t\t\t\t<img decoding=\"async\" width=\"768\" height=\"576\" src=\"https:\/\/www.bbz-merzig.de\/wordpress-1\/wp-content\/uploads\/IMG_5325-1-768x576.jpeg\" class=\"attachment-medium_large size-medium_large\" alt=\"\" loading=\"lazy\" srcset=\"https:\/\/www.bbz-merzig.de\/wordpress-1\/wp-content\/uploads\/IMG_5325-1-768x576.jpeg 768w, https:\/\/www.bbz-merzig.de\/wordpress-1\/wp-content\/uploads\/IMG_5325-1-300x225.jpeg 300w, https:\/\/www.bbz-merzig.de\/wordpress-1\/wp-content\/uploads\/IMG_5325-1-1024x768.jpeg 1024w, https:\/\/www.bbz-merzig.de\/wordpress-1\/wp-content\/uploads\/IMG_5325-1-1536x1152.jpeg 1536w, https:\/\/www.bbz-merzig.de\/wordpress-1\/wp-content\/uploads\/IMG_5325-1-2048x1536.jpeg 2048w\" sizes=\"(max-width: 768px) 100vw, 768px\" \/>\t\t\t\t\t\t\t\t\t\t\t\t\t\t<\/div>\n\t\t\t\t\t\t<\/div>\n\t\t\t\t<\/div>\n\t\t\t\t\t\t<\/div>\n\t\t\t\t\t<\/div>\n\t\t<\/div>\n\t\t\t\t\t\t\t\t<\/div>\n\t\t\t\t\t<\/div>\n\t\t<\/section>\n\t\t\t\t<section class=\"elementor-section elementor-top-section elementor-element elementor-element-d988247 elementor-section-boxed elementor-section-height-default elementor-section-height-default\" data-id=\"d988247\" data-element_type=\"section\">\n\t\t\t\t\t\t<div class=\"elementor-container elementor-column-gap-default\">\n\t\t\t\t\t\t\t<div class=\"elementor-row\">\n\t\t\t\t\t<div class=\"elementor-column elementor-col-100 elementor-top-column elementor-element elementor-element-f987d2f\" data-id=\"f987d2f\" data-element_type=\"column\">\n\t\t\t<div class=\"elementor-column-wrap elementor-element-populated\">\n\t\t\t\t\t\t\t<div class=\"elementor-widget-wrap\">\n\t\t\t\t\t\t<div class=\"elementor-element elementor-element-2645b40 elementor-widget elementor-widget-text-editor\" data-id=\"2645b40\" data-element_type=\"widget\" data-widget_type=\"text-editor.default\">\n\t\t\t\t<div class=\"elementor-widget-container\">\n\t\t\t\t\t\t\t\t<div class=\"elementor-text-editor elementor-clearfix\">\n\t\t\t\t<p data-start=\"0\" data-end=\"56\"><span style=\"letter-spacing: 0px;\">Vom 17. bis 20. November 2025 hatte die Jean-Francois-Boch Schule das Vergn\u00fcgen, vier Lehrkr\u00e4fte vom Midsommarkransens Gymnasium&nbsp;aus Stockholm, Schweden, begr\u00fc\u00dfen zu d\u00fcrfen.<\/span><\/p>\n<p data-start=\"225\" data-end=\"373\">W\u00e4hrend ihres dreit\u00e4gigen Aufenthalts hatten unsere G\u00e4ste die Gelegenheit, unsere Schule, unseren Unterricht und unseren Schulalltag kennenzulernen.<\/p>\n<p data-start=\"375\" data-end=\"504\">Die Sch\u00fclerinnen und Sch\u00fcler der Klasse BFS-W 11.1 f\u00fchrten die Besucher durch die Schule und begleiteten sie \u00fcber den Tag hinweg.<\/p>\n<p data-start=\"506\" data-end=\"630\">Zum Programm geh\u00f6rten au\u00dferdem ein Ausflug nach Trier mit einer Stadtf\u00fchrung sowie ein Besuch bei Villeroy &amp; Boch in Mettlach.<\/p>\n<p data-start=\"632\" data-end=\"724\">Wir haben uns sehr \u00fcber den Austausch gefreut und unsere G\u00e4ste herzlich willkommen gehei\u00dfen.<\/p>\n<p><strong style=\"letter-spacing: 0px;\" data-start=\"726\" data-end=\"761\" data-is-last-node=\"\">Wir sehen uns bald in Schweden!<\/strong><\/p>\t\t\t\t\t<\/div>\n\t\t\t\t\t\t<\/div>\n\t\t\t\t<\/div>\n\t\t\t\t\t\t<\/div>\n\t\t\t\t\t<\/div>\n\t\t<\/div>\n\t\t\t\t\t\t\t\t<\/div>\n\t\t\t\t\t<\/div>\n\t\t<\/section>\n\t\t\t\t<section class=\"elementor-section elementor-top-section elementor-element elementor-element-e16e427 elementor-section-boxed elementor-section-height-default elementor-section-height-default\" data-id=\"e16e427\" data-element_type=\"section\">\n\t\t\t\t\t\t<div class=\"elementor-container elementor-column-gap-default\">\n\t\t\t\t\t\t\t<div class=\"elementor-row\">\n\t\t\t\t\t<div class=\"elementor-column elementor-col-100 elementor-top-column elementor-element elementor-element-217effc\" data-id=\"217effc\" data-element_type=\"column\">\n\t\t\t<div class=\"elementor-column-wrap elementor-element-populated\">\n\t\t\t\t\t\t\t<div class=\"elementor-widget-wrap\">\n\t\t\t\t\t\t<div class=\"elementor-element elementor-element-d090d42 elementor-arrows-position-inside elementor-pagination-position-outside elementor-widget elementor-widget-image-carousel\" data-id=\"d090d42\" data-element_type=\"widget\" data-settings=\"{&quot;navigation&quot;:&quot;both&quot;,&quot;autoplay&quot;:&quot;yes&quot;,&quot;pause_on_hover&quot;:&quot;yes&quot;,&quot;pause_on_interaction&quot;:&quot;yes&quot;,&quot;autoplay_speed&quot;:5000,&quot;infinite&quot;:&quot;yes&quot;,&quot;speed&quot;:500}\" data-widget_type=\"image-carousel.default\">\n\t\t\t\t<div class=\"elementor-widget-container\">\n\t\t\t\t\t<div class=\"elementor-image-carousel-wrapper swiper-container\" dir=\"ltr\">\n\t\t\t<div class=\"elementor-image-carousel swiper-wrapper\">\n\t\t\t\t\t\t\t\t<div class=\"swiper-slide\"><figure class=\"swiper-slide-inner\"><img decoding=\"async\" class=\"swiper-slide-image\" src=\"https:\/\/www.bbz-merzig.de\/wordpress-1\/wp-content\/uploads\/IMG_2516-768x1024.jpeg\" alt=\"IMG_2516\" \/><\/figure><\/div><div class=\"swiper-slide\"><figure class=\"swiper-slide-inner\"><img decoding=\"async\" class=\"swiper-slide-image\" src=\"https:\/\/www.bbz-merzig.de\/wordpress-1\/wp-content\/uploads\/IMG_2519-768x1024.jpeg\" alt=\"IMG_2519\" \/><\/figure><\/div><div class=\"swiper-slide\"><figure class=\"swiper-slide-inner\"><img decoding=\"async\" class=\"swiper-slide-image\" src=\"https:\/\/www.bbz-merzig.de\/wordpress-1\/wp-content\/uploads\/IMG_2505-1024x768.jpeg\" alt=\"IMG_2505\" \/><\/figure><\/div><div class=\"swiper-slide\"><figure class=\"swiper-slide-inner\"><img decoding=\"async\" class=\"swiper-slide-image\" src=\"https:\/\/www.bbz-merzig.de\/wordpress-1\/wp-content\/uploads\/IMG_5297-1024x768.jpeg\" alt=\"IMG_5297\" \/><\/figure><\/div><div class=\"swiper-slide\"><figure class=\"swiper-slide-inner\"><img decoding=\"async\" class=\"swiper-slide-image\" src=\"https:\/\/www.bbz-merzig.de\/wordpress-1\/wp-content\/uploads\/IMG_5307-1024x768.jpeg\" alt=\"IMG_5307\" \/><\/figure><\/div><div class=\"swiper-slide\"><figure class=\"swiper-slide-inner\"><img decoding=\"async\" class=\"swiper-slide-image\" src=\"https:\/\/www.bbz-merzig.de\/wordpress-1\/wp-content\/uploads\/IMG_5308-768x1024.jpeg\" alt=\"IMG_5308\" \/><\/figure><\/div><div class=\"swiper-slide\"><figure class=\"swiper-slide-inner\"><img decoding=\"async\" class=\"swiper-slide-image\" src=\"https:\/\/www.bbz-merzig.de\/wordpress-1\/wp-content\/uploads\/IMG_5314-1024x768.jpeg\" alt=\"IMG_5314\" \/><\/figure><\/div><div class=\"swiper-slide\"><figure class=\"swiper-slide-inner\"><img decoding=\"async\" class=\"swiper-slide-image\" src=\"https:\/\/www.bbz-merzig.de\/wordpress-1\/wp-content\/uploads\/IMG_5325-1024x768.jpeg\" alt=\"IMG_5325\" \/><\/figure><\/div><div class=\"swiper-slide\"><figure class=\"swiper-slide-inner\"><img decoding=\"async\" class=\"swiper-slide-image\" src=\"https:\/\/www.bbz-merzig.de\/wordpress-1\/wp-content\/uploads\/IMG_2578-1024x768.jpeg\" alt=\"IMG_2578\" \/><\/figure><\/div>\t\t\t<\/div>\n\t\t\t\t\t\t\t\t\t\t\t\t<div class=\"swiper-pagination\"><\/div>\n\t\t\t\t\t\t\t\t\t\t\t\t\t<div class=\"elementor-swiper-button elementor-swiper-button-prev\">\n\t\t\t\t\t\t<i aria-hidden=\"true\" class=\"eicon-chevron-left\"><\/i>\t\t\t\t\t\t<span class=\"elementor-screen-only\">Zur\u00fcck<\/span>\n\t\t\t\t\t<\/div>\n\t\t\t\t\t<div class=\"elementor-swiper-button elementor-swiper-button-next\">\n\t\t\t\t\t\t<i aria-hidden=\"true\" class=\"eicon-chevron-right\"><\/i>\t\t\t\t\t\t<span class=\"elementor-screen-only\">Weiter<\/span>\n\t\t\t\t\t<\/div>\n\t\t\t\t\t\t\t\t\t<\/div>\n\t\t\t\t<\/div>\n\t\t\t\t<\/div>\n\t\t\t\t\t\t<\/div>\n\t\t\t\t\t<\/div>\n\t\t<\/div>\n\t\t\t\t\t\t\t\t<\/div>\n\t\t\t\t\t<\/div>\n\t\t<\/section>\n\t\t\t\t\t\t\t\t\t<\/div>\n\t\t\t<\/div>\n\t\t\t\t\t<\/div>\n\t\t","protected":false},"excerpt":{"rendered":"<p>Vom 17. bis 20. November 2025 hatte die Jean-Francois-Boch Schule das Vergn\u00fcgen, vier Lehrkr\u00e4fte vom Midsommarkransens Gymnasium&nbsp;aus Stockholm, Schweden, begr\u00fc\u00dfen zu d\u00fcrfen. W\u00e4hrend ihres dreit\u00e4gigen Aufenthalts hatten unsere G\u00e4ste die Gelegenheit, unsere Schule, unseren Unterricht und unseren Schulalltag kennenzulernen. Die Sch\u00fclerinnen und Sch\u00fcler der Klasse BFS-W 11.1 f\u00fchrten die Besucher durch die Schule und begleiteten&hellip;&nbsp;<a href=\"https:\/\/www.bbz-merzig.de\/wordpress-1\/besuch-aus-schweden-an-der-jean-francois-boch-schule\/\" class=\"\" rel=\"bookmark\">Weiterlesen &raquo;<span class=\"screen-reader-text\">Besuch aus Schweden an der Jean-Fran\u00e7ois-Boch Schule<\/span><\/a><\/p>\n","protected":false},"author":9,"featured_media":13940,"comment_status":"closed","ping_status":"open","sticky":false,"template":"","format":"standard","meta":{"neve_meta_sidebar":"","neve_meta_container":"","neve_meta_enable_content_width":"","neve_meta_content_width":0,"neve_meta_title_alignment":"","neve_meta_author_avatar":"","neve_post_elements_order":"","neve_meta_disable_header":"","neve_meta_disable_footer":"","neve_meta_disable_title":""},"categories":[1],"tags":[],"_links":{"self":[{"href":"https:\/\/www.bbz-merzig.de\/wordpress-1\/wp-json\/wp\/v2\/posts\/13924"}],"collection":[{"href":"https:\/\/www.bbz-merzig.de\/wordpress-1\/wp-json\/wp\/v2\/posts"}],"about":[{"href":"https:\/\/www.bbz-merzig.de\/wordpress-1\/wp-json\/wp\/v2\/types\/post"}],"author":[{"embeddable":true,"href":"https:\/\/www.bbz-merzig.de\/wordpress-1\/wp-json\/wp\/v2\/users\/9"}],"replies":[{"embeddable":true,"href":"https:\/\/www.bbz-merzig.de\/wordpress-1\/wp-json\/wp\/v2\/comments?post=13924"}],"version-history":[{"count":12,"href":"https:\/\/www.bbz-merzig.de\/wordpress-1\/wp-json\/wp\/v2\/posts\/13924\/revisions"}],"predecessor-version":[{"id":13948,"href":"https:\/\/www.bbz-merzig.de\/wordpress-1\/wp-json\/wp\/v2\/posts\/13924\/revisions\/13948"}],"wp:featuredmedia":[{"embeddable":true,"href":"https:\/\/www.bbz-merzig.de\/wordpress-1\/wp-json\/wp\/v2\/media\/13940"}],"wp:attachment":[{"href":"https:\/\/www.bbz-merzig.de\/wordpress-1\/wp-json\/wp\/v2\/media?parent=13924"}],"wp:term":[{"taxonomy":"category","embeddable":true,"href":"https:\/\/www.bbz-merzig.de\/wordpress-1\/wp-json\/wp\/v2\/categories?post=13924"},{"taxonomy":"post_tag","embeddable":true,"href":"https:\/\/www.bbz-merzig.de\/wordpress-1\/wp-json\/wp\/v2\/tags?post=13924"}],"curies":[{"name":"wp","href":"https:\/\/api.w.org\/{rel}","templated":true}]}}